[{"@context":"https:\/\/schema.org\/","@type":"Article","@id":"https:\/\/www.certeq.cz\/dokonala-svatba-v-nasich-satech\/#Article","mainEntityOfPage":"https:\/\/www.certeq.cz\/dokonala-svatba-v-nasich-satech\/","headline":"Dokonal\u00e1 svatba v na\u0161ich \u0161atech","name":"Dokonal\u00e1 svatba v na\u0161ich \u0161atech","description":"Ka\u017ed\u00e1 nev\u011bsta chce m\u00edt kr\u00e1snou svatbu a b\u00fdt na n\u00ed n\u00e1dhern\u00e1. Proto je pot\u0159eba svatbu pl\u00e1novat u\u017e m\u011bs\u00edce p\u0159edem, abyste si v\u0161echno vybrali v klidu a netla\u010dil v\u00e1s \u010das. Mnoh\u00e9 nev\u011bsty v\u016fbec nev\u00ed jako by m\u011bla jejich svatba vypadat, a v\u011bt\u0161ina \u017eenich\u016f nech\u00e1v\u00e1 v\u00fdb\u011br dekorac\u00ed i barev na nev\u011bst\u00e1ch. Jako prvn\u00ed by si snoubenci m\u011bli [&hellip;]","datePublished":"2023-11-13","dateModified":"2023-12-19","author":{"@type":"Person","@id":"https:\/\/www.certeq.cz\/author\/#Person","name":"","url":"https:\/\/www.certeq.cz\/author\/","identifier":1,"image":{"@type":"ImageObject","@id":"https:\/\/secure.gravatar.com\/avatar\/48db5b3634ed7a3f1f89bca90f0a2521b0bb3970d57e3653d258d10b0f31fdf3?s=96&d=mm&r=g","url":"https:\/\/secure.gravatar.com\/avatar\/48db5b3634ed7a3f1f89bca90f0a2521b0bb3970d57e3653d258d10b0f31fdf3?s=96&d=mm&r=g","height":96,"width":96}},"publisher":{"@type":"Organization","name":"certeq.cz","logo":{"@type":"ImageObject","@id":"\/logo.png","url":"\/logo.png","width":600,"height":60}},"image":{"@type":"ImageObject","@id":"https:\/\/www.certeq.cz\/wp-content\/uploads\/heart-529607_640_10_10_10_9.jpg","url":"https:\/\/www.certeq.cz\/wp-content\/uploads\/heart-529607_640_10_10_10_9.jpg","height":0,"width":0},"url":"https:\/\/www.certeq.cz\/dokonala-svatba-v-nasich-satech\/","about":["Byznys"],"wordCount":450,"articleBody":"       Ka\u017ed\u00e1 nev\u011bsta chce m\u00edt kr\u00e1snou svatbu a b\u00fdt na n\u00ed n\u00e1dhern\u00e1. Proto je pot\u0159eba svatbu pl\u00e1novat u\u017e m\u011bs\u00edce p\u0159edem, abyste si v\u0161echno vybrali v klidu a netla\u010dil v\u00e1s \u010das. Mnoh\u00e9 nev\u011bsty v\u016fbec nev\u00ed jako by m\u011bla jejich svatba vypadat, a v\u011bt\u0161ina \u017eenich\u016f nech\u00e1v\u00e1 v\u00fdb\u011br dekorac\u00ed i barev na nev\u011bst\u00e1ch. Jako prvn\u00ed by si snoubenci m\u011bli vybrat svatebn\u00ed m\u00edsto a datum svatby, proto\u017ee od toho se odv\u00edj\u00ed v\u0161echno ostatn\u00ed.Nejlep\u0161\u00ed je sledovat soci\u00e1ln\u00ed s\u00edt\u011b, kde najdete spousty svatebn\u00edch fotografi\u00ed nejen o samotn\u00fdch p\u00e1r\u016f, ale i od cukr\u00e1\u0159\u016f, fotograf\u016f nebo florist\u016f. Ka\u017ed\u00fd d\u00e1v\u00e1 na s\u00edt\u011b svoje fotky ze svateb na kter\u00fdch se n\u011bjak pod\u00edleli. D\u00edky tomu m\u016f\u017eete naj\u00edt n\u011bco co se v\u00e1m bude l\u00edbit, a co budete cht\u00edt i na sv\u00e9 svatb\u011b. Vyu\u017eijte tuto mo\u017enost a prohl\u00e9dn\u011bte si v\u00fdzdobu i nezn\u00e1m\u00e1 svatebn\u00ed m\u00edsta.Co se \u0161aty? Pro nev\u011bstu jsou nejd\u016fle\u017eit\u011bj\u0161\u00ed jej\u00ed \u0161aty. Nev\u011bsty se cht\u011bj\u00ed c\u00edtit kr\u00e1sn\u011b a cht\u011bj\u00ed si u\u017e\u00edvat obdivn\u00e9 pohledy. Ka\u017ed\u00e1 nev\u011bsta pot\u0159ebuje skv\u011ble padnouc\u00ed \u0161aty, kter\u00e9 nebudou zd\u016fraz\u0148ovat p\u0159\u00edpadn\u00e9 nedostatky. Nev\u011bsta by m\u011bla b\u00fdt st\u0159edobodem vesm\u00edru, proto\u017ee jde o jej\u00ed velk\u00fd den. Naj\u00edt svatebn\u00ed \u0161aty ale p\u0159itom nen\u00ed v\u016fbec jednoduch\u00e9. V\u011bt\u0161ina nev\u011bst netu\u0161\u00ed jak\u00e9 \u0161aty by cht\u011bly obl\u00e9knout, a tak chod\u00ed od salonu k salonu a hledaj\u00ed a zkou\u0161\u00ed.U n\u00e1s najdete nejen nov\u00e9 modely z aktu\u00e1ln\u00ed kolekce, ale i v\u00fdprodej svatebn\u00edch \u0161at\u016f v Praze. Najdete u n\u00e1s to nejlep\u0161\u00ed ze svatebn\u00ed m\u00f3dy. Obl\u00e9knou se u n\u00e1s v\u0161echny nev\u011bsty, m\u00e1me spousta velikost\u00ed a hlavn\u011b u n\u00e1s je z \u010deho vyb\u00edrat. Krom\u011b \u0161at\u016f u n\u00e1s najdete i spoustu dopl\u0148k\u016f, a oble\u010dete u n\u00e1s nejen sebe, ale i svoje dru\u017ei\u010dky nebo sv\u011bdkyni. Pokud u\u017e za\u010d\u00edn\u00e1te hledat svatebn\u00ed \u0161aty, p\u0159ij\u010fte k n\u00e1m, proto\u017ee je velk\u00e1 \u0161ance \u017ee si svoje \u0161aty odnesete od n\u00e1s, a nav\u00edc i za zv\u00fdhodn\u011bnou cenu z v\u00fdprodeje. Nic v\u00e1m nesedlo? I to se st\u00e1v\u00e1. Proto nab\u00edz\u00edme i mo\u017enost u\u0161it\u00ed \u0161at\u016f na m\u00edru. Zejm\u00e9na v tomto p\u0159\u00edpad\u011b ale m\u016f\u017ee trvat i p\u00e1r m\u011bs\u00edc\u016f ne\u017e budou \u0161aty hotov\u00e9.                                                                                                                                                                                                                                                                                                                                                                                          4.2\/5 - (6 votes)        "},{"@context":"https:\/\/schema.org\/","@type":"BreadcrumbList","itemListElement":[{"@type":"ListItem","position":1,"name":"Dokonal\u00e1 svatba v na\u0161ich \u0161atech","item":"https:\/\/www.certeq.cz\/dokonala-svatba-v-nasich-satech\/#breadcrumbitem"}]}]