[{"@context":"https:\/\/schema.org\/","@type":"Article","@id":"https:\/\/www.certeq.cz\/kdyz-to-v-uctarne-vazne\/#Article","mainEntityOfPage":"https:\/\/www.certeq.cz\/kdyz-to-v-uctarne-vazne\/","headline":"Kdy\u017e to v \u00fa\u010dt\u00e1rn\u011b v\u00e1zne","name":"Kdy\u017e to v \u00fa\u010dt\u00e1rn\u011b v\u00e1zne","description":"Jste \u00fasp\u011b\u0161n\u00e1 a prosperuj\u00edc\u00ed spole\u010dnost, ale n\u011bjak v\u00e1m chyb\u00ed pracovn\u00ed s\u00edly v administrativ\u011b? Zat\u00edm jste nena\u0161li nikoho schopn\u00e9ho a flexibiln\u00edho, kdo by pro firmu pracoval hodnotn\u011b a kdykoliv budete pot\u0159ebovat? Zajistit kvalitn\u00ed chod firmy a kancel\u00e1\u0159e nen\u00ed v\u016fbec jednoduch\u00e9. Pokud se pot\u00fdk\u00e1te s dlouhodob\u00fdm probl\u00e9mem a za\u010d\u00ednaj\u00ed nekvalitn\u00ed slu\u017eby firemn\u00ed \u00fa\u010dt\u00e1rny poci\u0165ovat i va\u0161i zam\u011bstnanci, [&hellip;]","datePublished":"2024-12-08","dateModified":"2024-12-08","author":{"@type":"Person","@id":"https:\/\/www.certeq.cz\/author\/#Person","name":"","url":"https:\/\/www.certeq.cz\/author\/","identifier":1,"image":{"@type":"ImageObject","@id":"https:\/\/secure.gravatar.com\/avatar\/48db5b3634ed7a3f1f89bca90f0a2521b0bb3970d57e3653d258d10b0f31fdf3?s=96&d=mm&r=g","url":"https:\/\/secure.gravatar.com\/avatar\/48db5b3634ed7a3f1f89bca90f0a2521b0bb3970d57e3653d258d10b0f31fdf3?s=96&d=mm&r=g","height":96,"width":96}},"publisher":{"@type":"Organization","name":"certeq.cz","logo":{"@type":"ImageObject","@id":"\/logo.png","url":"\/logo.png","width":600,"height":60}},"url":"https:\/\/www.certeq.cz\/kdyz-to-v-uctarne-vazne\/","wordCount":209,"articleBody":"Jste \u00fasp\u011b\u0161n\u00e1 a prosperuj\u00edc\u00ed spole\u010dnost, ale n\u011bjak v\u00e1m chyb\u00ed pracovn\u00ed s\u00edly v administrativ\u011b? Zat\u00edm jste nena\u0161li nikoho schopn\u00e9ho a flexibiln\u00edho, kdo by pro firmu pracoval hodnotn\u011b a kdykoliv budete pot\u0159ebovat? Zajistit kvalitn\u00ed chod firmy a kancel\u00e1\u0159e nen\u00ed v\u016fbec jednoduch\u00e9. Pokud se pot\u00fdk\u00e1te s dlouhodob\u00fdm probl\u00e9mem a za\u010d\u00ednaj\u00ed nekvalitn\u00ed slu\u017eby firemn\u00ed \u00fa\u010dt\u00e1rny poci\u0165ovat i va\u0161i zam\u011bstnanci, je na \u010dase zvolit outsourcing mezd Praha. To znamen\u00e1, p\u0159enechat pr\u00e1ci \u00fa\u010detnictv\u00ed a zpracov\u00e1n\u00ed v\u00fdplat extern\u00ed firm\u011b. \u00da\u010detnictv\u00ed zvl\u00e1dnete bez probl\u00e9m\u016f Pokud p\u0159em\u00fd\u0161l\u00edte nad t\u00edm, jestli p\u0159enechat citliv\u00e9 \u00fadaje n\u011bkomu naprosto ciz\u00edmu, profesion\u00e1ln\u00ed extern\u00ed spole\u010dnost v\u00e1m zaru\u010d\u00ed naprostou diskr\u00e9tnost. Outsourcing mezd Praha je modern\u00edm a v\u00fdhodn\u00fdm p\u0159\u00ednosem do ka\u017ed\u00e9 velk\u00e9 i mal\u00e9 spole\u010dnosti, kter\u00e1 zva\u017euje \u00fasporu n\u00e1klad\u016f a jednodu\u0161\u0161\u00ed chod podnik\u00e1n\u00ed. Nebudete se muset pot\u00fdkat s t\u00edm, \u017ee v\u00e1m \u00fa\u010detnictv\u00ed stoj\u00ed, lid\u00e9 \u010dekaj\u00ed na v\u00fdplaty po term\u00ednu, proto\u017ee je va\u0161e \u00fa\u010detn\u00ed zrovna na dovolen\u00e9. I to je nesporn\u00e1 v\u00fdhoda spolupr\u00e1ce s extern\u00ed \u00fa\u010detn\u00ed firmou.                                                                                                                                                                                                                                                                                                                                                                                        5\/5 - (2 votes)        "},{"@context":"https:\/\/schema.org\/","@type":"BreadcrumbList","itemListElement":[{"@type":"ListItem","position":1,"name":"Kdy\u017e to v \u00fa\u010dt\u00e1rn\u011b v\u00e1zne","item":"https:\/\/www.certeq.cz\/kdyz-to-v-uctarne-vazne\/#breadcrumbitem"}]}]