[{"@context":"https:\/\/schema.org\/","@type":"Article","@id":"https:\/\/www.certeq.cz\/povzbuzujeme-nase-reprezentanty\/#Article","mainEntityOfPage":"https:\/\/www.certeq.cz\/povzbuzujeme-nase-reprezentanty\/","headline":"Povzbuzujeme na\u0161e reprezentanty","name":"Povzbuzujeme na\u0161e reprezentanty","description":"Po dlouh\u00e9 dob\u011b na\u0161i mu\u017ei neusp\u011bli. Prohr\u00e1li na na\u0161\u00ed p\u016fd\u011b s hr\u00e1\u010di Austr\u00e1lie. Z tohoto d\u016fvodu si mus\u00ed zajistit dal\u0161\u00ed \u00fa\u010dast v elitn\u00ed skupin\u011b. S k\u00fdm budeme bojovat? To se teprve dozv\u00edme. Ne\u010dek\u00e1 n\u00e1s lehk\u00fd z\u00e1pas. Jsme p\u0159esv\u011bd\u010deni, \u017ee na\u0161i se dob\u0159e p\u0159iprav\u00ed a \u017ee do n\u011bho daj\u00ed v\u0161echny sv\u00e9 s\u00edly. V\u0161ichni fanou\u0161ci je p\u0159ijedou [&hellip;]","datePublished":"2025-03-11","dateModified":"2025-03-11","author":{"@type":"Person","@id":"https:\/\/www.certeq.cz\/author\/#Person","name":"","url":"https:\/\/www.certeq.cz\/author\/","identifier":1,"image":{"@type":"ImageObject","@id":"https:\/\/secure.gravatar.com\/avatar\/48db5b3634ed7a3f1f89bca90f0a2521b0bb3970d57e3653d258d10b0f31fdf3?s=96&d=mm&r=g","url":"https:\/\/secure.gravatar.com\/avatar\/48db5b3634ed7a3f1f89bca90f0a2521b0bb3970d57e3653d258d10b0f31fdf3?s=96&d=mm&r=g","height":96,"width":96}},"publisher":{"@type":"Organization","name":"certeq.cz","logo":{"@type":"ImageObject","@id":"\/logo.png","url":"\/logo.png","width":600,"height":60}},"url":"https:\/\/www.certeq.cz\/povzbuzujeme-nase-reprezentanty\/","wordCount":180,"articleBody":"Po dlouh\u00e9 dob\u011b na\u0161i mu\u017ei neusp\u011bli. Prohr\u00e1li na na\u0161\u00ed p\u016fd\u011b s hr\u00e1\u010di Austr\u00e1lie. Z tohoto d\u016fvodu si mus\u00ed zajistit dal\u0161\u00ed \u00fa\u010dast v elitn\u00ed skupin\u011b. S k\u00fdm budeme bojovat? To se teprve dozv\u00edme. Ne\u010dek\u00e1 n\u00e1s lehk\u00fd z\u00e1pas. Jsme p\u0159esv\u011bd\u010deni, \u017ee na\u0161i se dob\u0159e p\u0159iprav\u00ed a \u017ee do n\u011bho daj\u00ed v\u0161echny sv\u00e9 s\u00edly. V\u0161ichni fanou\u0161ci je p\u0159ijedou povzbudit. N\u00e1\u0161 live tenis nem\u016f\u017ee ani tady chyb\u011bt.Prob\u00edh\u00e1 rozlosov\u00e1n\u00ed turnaje v Pa\u0159\u00ed\u017eiT\u011b\u0161\u00edme se na dal\u0161\u00ed grandslamov\u00fd turnaj. Tentokr\u00e1t se jedn\u00e1 o Roland Garros v Pa\u0159\u00ed\u017ei. Sejdou se i zde v\u0161ichni, kte\u0159\u00ed n\u011bco znamenaj\u00ed. Nemohou proto vynechat ani na\u0161i nejlep\u0161\u00ed. Ur\u010dit\u011b u toho budou i na\u0161i fanou\u0161ci. Takovou p\u0159\u00edle\u017eitost si nenechaj\u00ed uj\u00edt. Vedle t\u011bch opravdu \u0161pi\u010dkov\u00fdch reprezentant\u016f, se zapoj\u00ed i ti, o kter\u00fdch je\u0161t\u011b toho dnes mnoho nev\u00edme. T\u011b\u0161\u00edme se s na\u0161im live tenisem.                                                                                                                                                                                                                                                                                                                                                                                                "},{"@context":"https:\/\/schema.org\/","@type":"BreadcrumbList","itemListElement":[{"@type":"ListItem","position":1,"name":"Povzbuzujeme na\u0161e reprezentanty","item":"https:\/\/www.certeq.cz\/povzbuzujeme-nase-reprezentanty\/#breadcrumbitem"}]}]