[{"@context":"https:\/\/schema.org\/","@type":"Article","@id":"https:\/\/www.certeq.cz\/vas-nejdulezitejsi-den-v-zivote\/#Article","mainEntityOfPage":"https:\/\/www.certeq.cz\/vas-nejdulezitejsi-den-v-zivote\/","headline":"V\u00e1\u0161 nejd\u016fle\u017eit\u011bj\u0161\u00ed den v \u017eivot\u011b","name":"V\u00e1\u0161 nejd\u016fle\u017eit\u011bj\u0161\u00ed den v \u017eivot\u011b","description":"Rozhodli jste se v p\u0159\u00ed\u0161t\u00edm roce uzav\u0159\u00edt man\u017eelsk\u00fd s\u0148atek a te\u010f za\u010d\u00edn\u00e1te \u0159e\u0161it, jak a kde a s k\u00fdm to v\u0161echno uspo\u0159\u00e1d\u00e1te? Hlavn\u011b si \u0159ekn\u011bte, \u017ee v\u0161echno budete \u0159e\u0161it popo\u0159ad\u011b, abyste se z toho nezbl\u00e1znili. Tedy pokud nem\u00e1te n\u011bjak\u00e9ho koordin\u00e1tora, kter\u00fd to za v\u00e1s v\u0161echno bude za\u0159izovat, to je potom jin\u00e1 v\u011bc. Samoz\u0159ejm\u011b je tak\u00e9 [&hellip;]","datePublished":"2023-10-16","dateModified":"2023-11-16","author":{"@type":"Person","@id":"https:\/\/www.certeq.cz\/author\/#Person","name":"","url":"https:\/\/www.certeq.cz\/author\/","identifier":1,"image":{"@type":"ImageObject","@id":"https:\/\/secure.gravatar.com\/avatar\/48db5b3634ed7a3f1f89bca90f0a2521b0bb3970d57e3653d258d10b0f31fdf3?s=96&d=mm&r=g","url":"https:\/\/secure.gravatar.com\/avatar\/48db5b3634ed7a3f1f89bca90f0a2521b0bb3970d57e3653d258d10b0f31fdf3?s=96&d=mm&r=g","height":96,"width":96}},"publisher":{"@type":"Organization","name":"certeq.cz","logo":{"@type":"ImageObject","@id":"\/logo.png","url":"\/logo.png","width":600,"height":60}},"image":{"@type":"ImageObject","@id":"https:\/\/www.certeq.cz\/wp-content\/uploads\/wedding_7.jpg","url":"https:\/\/www.certeq.cz\/wp-content\/uploads\/wedding_7.jpg","height":0,"width":0},"url":"https:\/\/www.certeq.cz\/vas-nejdulezitejsi-den-v-zivote\/","about":["V\u00fdrobky"],"wordCount":416,"articleBody":"   Rozhodli jste se v p\u0159\u00ed\u0161t\u00edm roce uzav\u0159\u00edt man\u017eelsk\u00fd s\u0148atek a te\u010f za\u010d\u00edn\u00e1te \u0159e\u0161it, jak a kde a s k\u00fdm to v\u0161echno uspo\u0159\u00e1d\u00e1te? Hlavn\u011b si \u0159ekn\u011bte, \u017ee v\u0161echno budete \u0159e\u0161it popo\u0159ad\u011b, abyste se z toho nezbl\u00e1znili. Tedy pokud nem\u00e1te n\u011bjak\u00e9ho koordin\u00e1tora, kter\u00fd to za v\u00e1s v\u0161echno bude za\u0159izovat, to je potom jin\u00e1 v\u011bc. Samoz\u0159ejm\u011b je tak\u00e9 \u017e\u00e1douc\u00ed, abyste se dohodli, kde a v jak\u00e9m stylu to chcete realizovat, abyste podle toho mohli uzp\u016fsobit dal\u0161\u00ed v\u011bci. Mu\u017ei jako\u017eto \u017eenichov\u00e9 asi nebudou \u00fapln\u011b nad\u0161en\u00ed t\u00edm, kdy\u017e budete cht\u00edt m\u00edt na v\u0161em kv\u011bty nebo kv\u011btinov\u00e9 vzory. Lze ale objednat i ve\u0161ker\u00e9 n\u00e1le\u017eitosti v elegantn\u00edm a z\u00e1rove\u0148 luxusn\u011b vypadaj\u00edc\u00edm stylu. Nebo pokud m\u00e1te r\u00e1di p\u0159\u00edrodn\u00ed materi\u00e1ly, tak\u00e9 je to mo\u017en\u00e9. A v\u011bd\u011bli jste, \u017ee v\u0161echno od jmenovek, p\u0159es pozv\u00e1nky, ubrousky, ob\u00e1lky, knihu nebo girlandu m\u016f\u017eete objednat od jednoho dodavatele a budete to m\u00edt ve stejn\u00e9m stylu, tak\u017ee u\u0161et\u0159\u00edte \u010das i pen\u00edze, a p\u0159edev\u0161\u00edm tak\u00e9 starosti? Pod\u00edvejte se na nab\u00eddku firmy Goldpress, kter\u00e9 nab\u00edzej\u00ed svatebn\u00ed sety, kde to v\u0161echno budete m\u00edt. Samoz\u0159ejm\u011b bude pot\u0159eba pozvat na va\u0161\u00ed svatbu v\u0161echny, kter\u00e9 chcete a to se d\u00e1v\u00e1 najevo prost\u0159ednictv\u00edm nezbytnosti, kterou svatebn\u00ed ozn\u00e1men\u00ed bezesporu je. N\u011bkdo m\u00e1 r\u00e1d jednodu\u0161\u0161\u00ed, t\u0159eba jenom v b\u00edl\u00e9 barv\u011b, n\u011bkdo se nadchne po barevn\u00fdch variac\u00edch s r\u016fzn\u00fdmi vzory.Rozhodn\u011b se originalit\u011b a n\u00e1pad\u016fm meze nekladou, tak\u017ee si vybere ka\u017ed\u00fd, a\u0165 u\u017e m\u00e1 jak\u00e9koliv po\u017eadavky. Vyberte si to svoje. M\u016f\u017eete v tomto duchu potom t\u0159eba i ladit n\u00e1lepku na lahev v\u00edna, kter\u00e9 se v sou\u010dasn\u00e9 dob\u011b r\u00e1do d\u00e1v\u00e1 jako d\u00e1rek ze svatby m\u00edsto klasick\u00e9 v\u00fdslu\u017eky. Pokud budete m\u00edt rozd\u011blen\u00fd tento den na ob\u0159ad, hostinu, a n\u00e1sledn\u011b raut, a v\u0161echno neabsolvuje stejn\u00e1 skupina lid\u00ed, budete muset d\u00e1le rozli\u0161it je\u0161t\u011b pozv\u00e1nky ke stolu a tak d\u00e1le. Do stejn\u00e9ho stylu se daj\u00ed pak ladit t\u0159eba i z\u00e1pichy do sladkost\u00ed nebo dal\u0161\u00ed ozdoby na st\u016fl.                                                                                                                                                                                                                                                                                                                                                                                           3.6\/5 - (5 votes)        "},{"@context":"https:\/\/schema.org\/","@type":"BreadcrumbList","itemListElement":[{"@type":"ListItem","position":1,"name":"V\u00e1\u0161 nejd\u016fle\u017eit\u011bj\u0161\u00ed den v \u017eivot\u011b","item":"https:\/\/www.certeq.cz\/vas-nejdulezitejsi-den-v-zivote\/#breadcrumbitem"}]}]