[{"@context":"https:\/\/schema.org\/","@type":"Article","@id":"https:\/\/www.certeq.cz\/vse-zalezi-na-vas\/#Article","mainEntityOfPage":"https:\/\/www.certeq.cz\/vse-zalezi-na-vas\/","headline":"V\u0161e z\u00e1le\u017e\u00ed na V\u00e1s","name":"V\u0161e z\u00e1le\u017e\u00ed na V\u00e1s","description":"Chcete si l\u00e9to u\u017e\u00edvat na maximum, kdy\u017e se ale Va\u0161e bydlen\u00ed p\u0159\u00edli\u0161 vyh\u0159eje, nec\u00edt\u00edte se zrovna dob\u0159e? Nen\u00ed V\u00e1m to p\u0159\u00edjemn\u00e9 a byli byste r\u00e1di, kdyby se s t\u00edm dalo n\u011bco d\u011blat? V\u011b\u0159te tomu, \u017ee \u0159e\u0161en\u00ed je mnohdy jednodu\u0161\u0161\u00ed, ne\u017e by se mohlo na prvn\u00ed pohled zd\u00e1t, na to se spolehn\u011bte. I u V\u00e1s doma [&hellip;]","datePublished":"2018-02-17","dateModified":"2018-02-17","author":{"@type":"Person","@id":"https:\/\/www.certeq.cz\/author\/#Person","name":"","url":"https:\/\/www.certeq.cz\/author\/","identifier":1,"image":{"@type":"ImageObject","@id":"https:\/\/secure.gravatar.com\/avatar\/48db5b3634ed7a3f1f89bca90f0a2521b0bb3970d57e3653d258d10b0f31fdf3?s=96&d=mm&r=g","url":"https:\/\/secure.gravatar.com\/avatar\/48db5b3634ed7a3f1f89bca90f0a2521b0bb3970d57e3653d258d10b0f31fdf3?s=96&d=mm&r=g","height":96,"width":96}},"publisher":{"@type":"Organization","name":"certeq.cz","logo":{"@type":"ImageObject","@id":"\/logo.png","url":"\/logo.png","width":600,"height":60}},"image":{"@type":"ImageObject","@id":"https:\/\/www.certeq.cz\/wp-content\/uploads\/img_a313285_w2114_t1523953891.jpg","url":"https:\/\/www.certeq.cz\/wp-content\/uploads\/img_a313285_w2114_t1523953891.jpg","height":0,"width":0},"url":"https:\/\/www.certeq.cz\/vse-zalezi-na-vas\/","about":["Z\u00e1bava"],"wordCount":425,"articleBody":"Chcete si l\u00e9to u\u017e\u00edvat na maximum, kdy\u017e se ale Va\u0161e bydlen\u00ed p\u0159\u00edli\u0161 vyh\u0159eje, nec\u00edt\u00edte se zrovna dob\u0159e? Nen\u00ed V\u00e1m to p\u0159\u00edjemn\u00e9 a byli byste r\u00e1di, kdyby se s t\u00edm dalo n\u011bco d\u011blat? V\u011b\u0159te tomu, \u017ee \u0159e\u0161en\u00ed je mnohdy jednodu\u0161\u0161\u00ed, ne\u017e by se mohlo na prvn\u00ed pohled zd\u00e1t, na to se spolehn\u011bte. I u V\u00e1s doma mohou panovat takov\u00e9 teplotn\u00ed podm\u00ednky, se kter\u00fdmi budete spokojeni, pokud se tedy spolehnete na za\u0159\u00edzen\u00ed, kter\u00e9 u\u017e se o to postar\u00e1.  Klimatizace je v posledn\u00ed dob\u011b n\u011b\u010d\u00edm opravdu obl\u00edben\u00fdm, na to se m\u016f\u017eete spolehnout. Je to p\u0159eci jenom za\u0159\u00edzen\u00ed, kter\u00e9 u\u017e se postar\u00e1 o to, aby u V\u00e1s doma panovaly takov\u00e9 podm\u00ednky, ve kter\u00fdch se budete c\u00edtit dob\u0159e. Venkovn\u00ed vedra u\u017e pro V\u00e1s nebudou n\u011b\u010d\u00edm, \u010d\u00edm byste se museli zab\u00fdvat. Je to obl\u00edben\u00e9 \u0159e\u0161en\u00ed, na kter\u00e9 se m\u016f\u017eete bez obav spolehnout, tak pro\u010d nevyu\u017e\u00edt toho, co tu pro V\u00e1s je? P\u0159ijdete si na sv\u00e9 Uvid\u00edte, \u017ee si p\u0159ijdete na sv\u00e9 a budete velice spokojeni s t\u00edm, co tu pro V\u00e1s je. Klimatizace Zl\u00edn bude volbou, se kterou budete spokojeni, proto\u017ee o v\u0161echno bude dob\u0159e postar\u00e1no bez toho, abyste si museli s \u010d\u00edmkoliv d\u011blat starosti, na to se kdykoliv spolehn\u011bte. Nev\u00e1hejte tedy a vyu\u017eijte toho, co V\u00e1m m\u016f\u017eeme nab\u00eddnout, my u\u017e se r\u00e1di o v\u0161echno postar\u00e1me. Vybereme pro Va\u0161i dom\u00e1cnost takov\u00e9 za\u0159\u00edzen\u00ed, kter\u00e9 u\u017e se o v\u0161echno postar\u00e1 a bude dostate\u010dn\u011b v\u00fdkonn\u00e9 na to, aby se mohlo postarat o udr\u017een\u00ed vhodn\u00fdch podm\u00ednek.  Jestli si tedy chcete b\u00fdt jist\u00ed t\u00edm, \u017ee v\u0161echno bude tak, jak si p\u0159edstavujete, tak se na n\u00e1s obra\u0165te a vyu\u017eijte toho, co V\u00e1m m\u016f\u017eeme nab\u00eddnout. Uvid\u00edte, \u017ee si p\u0159ijdete na sv\u00e9 a nebudete muset litovat, proto\u017ee se do\u010dk\u00e1te jenom toho nejlep\u0161\u00edho. R\u00e1di vyjdeme vst\u0159\u00edc Va\u0161im p\u0159edstav\u00e1m a zajist\u00edme, abyste si p\u0159i\u0161li na sv\u00e9. D\u00edky klimatizaci u\u017e pro V\u00e1s bude l\u00e9to mnohem p\u0159\u00edjemn\u011bj\u0161\u00edm obdob\u00edm, ne\u017e tomu bylo doposud, na to se spolehn\u011bte. U V\u00e1s doma budou panovat takov\u00e9 teploty, jak\u00e9 Vy budete cht\u00edt.                                                                                                                                                                                                                                                                                                                                                                                        5\/5 - (2 votes)        "},{"@context":"https:\/\/schema.org\/","@type":"BreadcrumbList","itemListElement":[{"@type":"ListItem","position":1,"name":"V\u0161e z\u00e1le\u017e\u00ed na V\u00e1s","item":"https:\/\/www.certeq.cz\/vse-zalezi-na-vas\/#breadcrumbitem"}]}]